{"id":2920,"date":"2010-08-03T20:12:00","date_gmt":"2010-08-03T18:12:00","guid":{"rendered":"http:\/\/www.montejo.biz\/blog\/?p=2920"},"modified":"2012-12-26T20:15:01","modified_gmt":"2012-12-26T18:15:01","slug":"campus-party-2010-resumen","status":"publish","type":"post","link":"https:\/\/www.montejo.biz\/blog\/2010\/08\/03\/campus-party-2010-resumen\/","title":{"rendered":"Campus Party 2010 &ndash; Resumen"},"content":{"rendered":"<div id=\"post-entry-excerpt-2920\" class=\"entry-part\"><p>Ir a la Campus requiere una preparaci\u00f3n importante: desde la inscripci\u00f3n, que se realiza meses antes de venir (este a\u00f1o en marzo), reserva del hotel -hay que descansar bien y desayunar mejor, sino te resientes \ud83d\ude09 &#8211; y despu\u00e9s comprobar que tienes todos los elementos t\u00e9cnicos necesarios.<\/p>\n<p><a href=\"http:\/\/www.montejo.biz\/blog\/wp-content\/uploads\/2012\/12\/clip_image00217.jpg\"><img loading=\"lazy\" decoding=\"async\" style=\"background-image: none; border-bottom: 0px; border-left: 0px; padding-left: 0px; padding-right: 0px; display: inline; border-top: 0px; border-right: 0px; padding-top: 0px\" title=\"clip_image002\" border=\"0\" alt=\"clip_image002\" src=\"http:\/\/www.montejo.biz\/blog\/wp-content\/uploads\/2012\/12\/clip_image002_thumb17.jpg\" width=\"628\" height=\"391\" \/><\/a><\/p>\n<p>Estos elementos t\u00e9cnicos van desde el ordenador (port\u00e1til, aunque al a\u00f1o que viene igual hay que adquirir un tablet tipo iPad), discos duros externos, conectores, ladrones el\u00e9ctricos y USB, cascos, llave Kensington (para evitar el robo del port\u00e1til), etc.<\/p>\n<p><a href=\"http:\/\/www.montejo.biz\/blog\/wp-content\/uploads\/2012\/12\/clip_image00416.jpg\"><img loading=\"lazy\" decoding=\"async\" style=\"background-image: none; border-bottom: 0px; border-left: 0px; padding-left: 0px; padding-right: 0px; display: inline; border-top: 0px; border-right: 0px; padding-top: 0px\" title=\"clip_image004\" border=\"0\" alt=\"clip_image004\" src=\"http:\/\/www.montejo.biz\/blog\/wp-content\/uploads\/2012\/12\/clip_image004_thumb16.jpg\" width=\"644\" height=\"455\" \/><\/a><\/p>\n<p>Desde el a\u00f1o pasado vamos el d\u00eda anterior (domingo) al comienzo de la Campus ya que te puedes acreditar y as\u00ed s\u00f3lo haces una cola para entrar.<\/p>\n<p>El mismo domingo planifiqu\u00e9 las charlas a las que iba a ir: una media de 4 al d\u00eda, demasiado para el cuerpo. Al final acabas yendo a dos o tres nada m\u00e1s, no dan para m\u00e1s las fuerzas.<\/p>\n<p>Este a\u00f1o cont\u00e1bamos con un invitado de lujo en la inauguraci\u00f3n, Steve Wozniak, t\u00edo Woz para sus fieles incondicionales. Su charla estuvo a la altura de las expectativas, no s\u00f3lo por el contenido t\u00e9cnico y, en cierto modo, prof\u00e9tico (su idea principal es que no todo ser\u00e1 a trav\u00e9s de dispositivos m\u00f3viles sino que el PC seguir\u00e1 su andadura, no pod\u00eda decir otra cosa el creador de la idea de ordenador personal) sino tambi\u00e9n por su humanidad, calidez y amabilidad: son sonrisas eran continuas y en ning\u00fan caso parec\u00edan forzadas, todo un fen\u00f3meno.<\/p>\n<p><a href=\"http:\/\/www.montejo.biz\/blog\/wp-content\/uploads\/2012\/12\/clip_image00617.jpg\"><img loading=\"lazy\" decoding=\"async\" style=\"background-image: none; border-bottom: 0px; border-left: 0px; padding-left: 0px; padding-right: 0px; display: inline; border-top: 0px; border-right: 0px; padding-top: 0px\" title=\"clip_image006\" border=\"0\" alt=\"clip_image006\" src=\"http:\/\/www.montejo.biz\/blog\/wp-content\/uploads\/2012\/12\/clip_image006_thumb17.jpg\" width=\"644\" height=\"427\" \/><\/a><\/p>\n<p>Intentando hacerle unas fotos, sin querer, me introduje en la sala VIP, previa a la entrevista y en cuanto me vieron me echaron, no sin antes sorprenderse de mi doble condici\u00f3n de periodista (aficionado nada m\u00e1s, pero ellos no lo saben) y participante; aqu\u00ed la prensa no se mezcla con los participantes sino es para hacer sus reportajes, est\u00e1n en una sala habilitada s\u00f3lo para ellos, sala muy bien equipada por cierto.<\/p>\n<p>El lunes tocaba conectarse a la red interna de compartici\u00f3n, una joya a 1 Gb, los contenidos vuelan entre los discos duros de los participantes, compartir, una buena idea.<\/p>\n<p><a href=\"http:\/\/www.montejo.biz\/blog\/wp-content\/uploads\/2012\/12\/clip_image00816.jpg\"><img loading=\"lazy\" decoding=\"async\" style=\"background-image: none; border-bottom: 0px; border-left: 0px; padding-left: 0px; padding-right: 0px; display: inline; border-top: 0px; border-right: 0px; padding-top: 0px\" title=\"clip_image008\" border=\"0\" alt=\"clip_image008\" src=\"http:\/\/www.montejo.biz\/blog\/wp-content\/uploads\/2012\/12\/clip_image008_thumb16.jpg\" width=\"644\" height=\"609\" \/><\/a><\/p>\n<p>El martes ya tocan charlas, de alto nivel en casi todos los casos, especialistas que nos deslumbran con sus conocimientos: desde un mejor conocimiento de las redes sociales, pasando por las nuevas tendencias de trabajo en red hasta los peligros de la navegaci\u00f3n web, \u00e9sta \u00faltima impartida por un experto caza-bugs, reconocido en el mundo entero. Termina el d\u00eda con una charla sobre el nuevo paradigma, HTML5, que promete adentrarnos en la nueva web 3.0.<\/p>\n<p><a href=\"http:\/\/www.montejo.biz\/blog\/wp-content\/uploads\/2012\/12\/clip_image01016.jpg\"><img loading=\"lazy\" decoding=\"async\" style=\"background-image: none; border-bottom: 0px; border-left: 0px; padding-left: 0px; padding-right: 0px; display: inline; border-top: 0px; border-right: 0px; padding-top: 0px\" title=\"clip_image010\" border=\"0\" alt=\"clip_image010\" src=\"http:\/\/www.montejo.biz\/blog\/wp-content\/uploads\/2012\/12\/clip_image010_thumb16.jpg\" width=\"644\" height=\"485\" \/><\/a><\/p>\n<p>El mi\u00e9rcoles es d\u00eda de transici\u00f3n, muchas charlas y ya un cierto cansancio que te hace empezar a ser m\u00e1s selectivo: el domingo parec\u00eda que te ibas a comer el mundo y el mi\u00e9rcoles te conformas con un bocadillo mediano.<\/p>\n<p>De todas formas las charlas del d\u00eda han sido de las mejores hasta ahora; El-Qudsi nos ha deleitado (y hecho reir) indic\u00e1ndonos c\u00f3mo mantener la reputaci\u00f3n en Internet y explic\u00e1ndonos qu\u00e9 es el Social Media. Muy bueno en todos los aspectos.<\/p>\n<p>Luego he asistido a otra charla sobre aplicaciones de Twitter: aqu\u00ed si se aplica que lo que ignoramos es millones de veces lo que sabemos (s\u00f3lo conoc\u00eda unas 30 aplicaciones de Twitter y me dicen que hay unas 160.000 registradas a d\u00eda de hoy).<\/p>\n<p>Hay aplicaciones que hacen las delicias de los fanboys: buscar usuarios interesantes, seguir de forma masiva a ciertos usuarios, seguir a gente que tuitea desde el lugar donde estoy (ideal para viajes), etc.<\/p>\n<p><a href=\"http:\/\/www.montejo.biz\/blog\/wp-content\/uploads\/2012\/12\/clip_image01215.jpg\"><img loading=\"lazy\" decoding=\"async\" style=\"background-image: none; border-bottom: 0px; border-left: 0px; padding-left: 0px; padding-right: 0px; display: inline; border-top: 0px; border-right: 0px; padding-top: 0px\" title=\"clip_image012\" border=\"0\" alt=\"clip_image012\" src=\"http:\/\/www.montejo.biz\/blog\/wp-content\/uploads\/2012\/12\/clip_image012_thumb15.jpg\" width=\"644\" height=\"226\" \/><\/a><\/p>\n<p>El jueves hemos comenzado por algo l\u00fadico y bien preparado, una charla de magia matem\u00e1tica a cargo de Fernando Blasco, autor del libro MATEMAGIA. LOS MEJORES TRUCOS PARA ENTENDER LOS NUMEROS, de Temas de Hoy. Magia sencilla que hace pensar.<\/p>\n<p>Despu\u00e9s he ido a la charla de Oliviero Toscani, el fot\u00f3grafo creativo de tantas y tantas campa\u00f1as impactantes, sobre todo para la empresa Benetton. Sus ideas son siempre provocativas: s\u00f3lo los creativos utilizan de verdad la inteligencia y el instinto. Otra idea es que trabajamos con tecnolog\u00edas que hoy nos subyugan y en cambio dentro de 5 a\u00f1os nos parecer\u00e1n rid\u00edculas. Una frase suya: \u2018Comenc\u00e9 en los a\u00f1os 60, \u00edbamos detr\u00e1s de las chicas, buena tecnolog\u00eda\u2026\u2019.<\/p>\n<p><a href=\"http:\/\/www.montejo.biz\/blog\/wp-content\/uploads\/2012\/12\/clip_image01412.jpg\"><img loading=\"lazy\" decoding=\"async\" style=\"background-image: none; border-bottom: 0px; border-left: 0px; padding-left: 0px; padding-right: 0px; display: inline; border-top: 0px; border-right: 0px; padding-top: 0px\" title=\"clip_image014\" border=\"0\" alt=\"clip_image014\" src=\"http:\/\/www.montejo.biz\/blog\/wp-content\/uploads\/2012\/12\/clip_image014_thumb12.jpg\" width=\"644\" height=\"283\" \/><\/a><\/p>\n<p>Despu\u00e9s he entrevistado a Imobilis y Klondike, los responsables visibles del hub de compartici\u00f3n, aut\u00e9nticos pozos de sabidur\u00eda, ilusi\u00f3n y compromiso con la Campus. Sin el hub, la Campus ser\u00eda otra cosa para ellos (y, obviamente, tambi\u00e9n para todos nosotros).<\/p>\n<p><a href=\"http:\/\/www.montejo.biz\/blog\/wp-content\/uploads\/2012\/12\/clip_image01612.jpg\"><img loading=\"lazy\" decoding=\"async\" style=\"background-image: none; border-bottom: 0px; border-left: 0px; padding-left: 0px; padding-right: 0px; display: inline; border-top: 0px; border-right: 0px; padding-top: 0px\" title=\"clip_image016\" border=\"0\" alt=\"clip_image016\" src=\"http:\/\/www.montejo.biz\/blog\/wp-content\/uploads\/2012\/12\/clip_image016_thumb12.jpg\" width=\"644\" height=\"489\" \/><\/a><\/p>\n<p>El viernes ha habido una charla de Social Media de Alex Puig; en realidad ha sido un experimento twitter: ha planteado 5 preguntas y a trav\u00e9s de una herramienta controlaba las respuestas (s\u00ed o no y una opini\u00f3n). Esta herramienta la han desarrollado especialmente para la Campus.<\/p>\n<p>He visto por streaming la conferencia sobre los or\u00edgenes de Facebook y Twitter. Gina leyendo la presentaci\u00f3n y Miki en cambio descubriendo datos in\u00e9ditos, fotos encontradas con mucha dificultad y explicando el verdadero origen de Twitter: una idea que le vino a la cabeza a Jack Dorsey, persona aut\u00e9ntica, discreta, paciente y sencilla (incluso dir\u00eda que humilde, le dijo no a una oferta de 500 millones de d\u00f3lares por parte de Facebook) donde las haya, el h\u00e9roe de Miki. Esa idea es el sistema RFID de comunicaci\u00f3n, utilizado por los taxistas de San Francisco all\u00e1 por el a\u00f1o 1996.<\/p>\n<p>As\u00ed que la idea de twitter es simple, de hecho su fundador dice que no es una red social sino un medio de comunicaci\u00f3n, genial. Lleva trabajando en esta idea la friolera de \u00a115 a\u00f1os!<\/p>\n<p><a href=\"http:\/\/www.montejo.biz\/blog\/wp-content\/uploads\/2012\/12\/clip_image01811.jpg\"><img loading=\"lazy\" decoding=\"async\" style=\"background-image: none; border-bottom: 0px; border-left: 0px; padding-left: 0px; padding-right: 0px; display: inline; border-top: 0px; border-right: 0px; padding-top: 0px\" title=\"clip_image018\" border=\"0\" alt=\"clip_image018\" src=\"http:\/\/www.montejo.biz\/blog\/wp-content\/uploads\/2012\/12\/clip_image018_thumb11.jpg\" width=\"404\" height=\"333\" \/><\/a><\/p>\n<p>El s\u00e1bado comienza con una entrevista telef\u00f3nica para RNE de La Rioja; a la 1 charla de Alfonso Alc\u00e1ntara \u2018@yoriento\u2019; es muy gr\u00e1fico explicando, tiene el gracejo andaluz (es sevillano) e incluso se ha permitido contar varios chistes, muy bueno.<\/p>\n<p>Por la tarde he estado en la charla de activismo en las redes sociales; lo que han contado siempre me recuerda una frase de los movimientos alternativos (dig\u00e1moslo as\u00ed) que es \u2018Pensar global actuar local\u2019; las personas que han hablado lo han hecho desde su experiencia pero lo que ha dicho Miguel Nonay, que iba en silla de ruedas, me ha emocionado, su compromiso con las personas en general y con las que viajan en particular es tremendo.<\/p>\n<p><a href=\"http:\/\/www.montejo.biz\/blog\/wp-content\/uploads\/2012\/12\/clip_image02012.jpg\"><img loading=\"lazy\" decoding=\"async\" style=\"background-image: none; border-bottom: 0px; border-left: 0px; padding-left: 0px; padding-right: 0px; display: inline; border-top: 0px; border-right: 0px; padding-top: 0px\" title=\"clip_image020\" border=\"0\" alt=\"clip_image020\" src=\"http:\/\/www.montejo.biz\/blog\/wp-content\/uploads\/2012\/12\/clip_image020_thumb12.jpg\" width=\"461\" height=\"588\" \/><\/a><\/p>\n<p>El d\u00eda termin\u00f3 con una entrevista a la abuela makera (Berta), est\u00e1 muy solicitada. Esta mujer es admirable, su historia es casi para hacer una pel\u00edcula sobre su vida.<\/p>\n<p>El domingo vuelta a casa, cansados pero muy contentos de la experiencia vivida.<\/p>\n<p>La conclusi\u00f3n de la Campus siempre es parecida: es una gran experiencia humana que deja un poso tan agradable que cuando termina por un momento est\u00e1s triste pero enseguida te das cuenta que ya s\u00f3lo falta un a\u00f1o menos una semana.<\/p>\n\n\t\t\t\t\t\t\t<p style=\" color: #999999;\">If you found an error, highlight it and press <strong>Shift + E<\/strong> or <a href=\"#\" class=\"enp-report\"><strong>pulsa aqu\u00ed<\/strong><\/a> to inform us.<\/p>\n\t\t\t\t\t\t<\/div><div id=\"post-footer-2920\" class=\"post-footer clear\"><\/div>","protected":false},"excerpt":{"rendered":"<div class=\"mh-excerpt\"><p>Ir a la Campus requiere una preparaci\u00f3n importante: desde la inscripci\u00f3n, que se realiza meses antes de venir (este a\u00f1o en marzo), reserva del hotel <a class=\"mh-excerpt-more\" href=\"https:\/\/www.montejo.biz\/blog\/2010\/08\/03\/campus-party-2010-resumen\/\" title=\"Campus Party 2010 &ndash; Resumen\">[&#8230;]<\/a><\/p>\n<\/div>","protected":false},"author":1,"featured_media":0,"comment_status":"open","ping_status":"open","sticky":false,"template":"","format":"standard","meta":{"_exactmetrics_skip_tracking":false,"_exactmetrics_sitenote_active":false,"_exactmetrics_sitenote_note":"","_exactmetrics_sitenote_category":0,"footnotes":""},"categories":[7,73],"tags":[115,172],"class_list":["post-2920","post","type-post","status-publish","format-standard","hentry","category-articulo","category-rioja2","tag-articulo","tag-rioja2"],"_links":{"self":[{"href":"https:\/\/www.montejo.biz\/blog\/wp-json\/wp\/v2\/posts\/2920","targetHints":{"allow":["GET"]}}],"collection":[{"href":"https:\/\/www.montejo.biz\/blog\/wp-json\/wp\/v2\/posts"}],"about":[{"href":"https:\/\/www.montejo.biz\/blog\/wp-json\/wp\/v2\/types\/post"}],"author":[{"embeddable":true,"href":"https:\/\/www.montejo.biz\/blog\/wp-json\/wp\/v2\/users\/1"}],"replies":[{"embeddable":true,"href":"https:\/\/www.montejo.biz\/blog\/wp-json\/wp\/v2\/comments?post=2920"}],"version-history":[{"count":0,"href":"https:\/\/www.montejo.biz\/blog\/wp-json\/wp\/v2\/posts\/2920\/revisions"}],"wp:attachment":[{"href":"https:\/\/www.montejo.biz\/blog\/wp-json\/wp\/v2\/media?parent=2920"}],"wp:term":[{"taxonomy":"category","embeddable":true,"href":"https:\/\/www.montejo.biz\/blog\/wp-json\/wp\/v2\/categories?post=2920"},{"taxonomy":"post_tag","embeddable":true,"href":"https:\/\/www.montejo.biz\/blog\/wp-json\/wp\/v2\/tags?post=2920"}],"curies":[{"name":"wp","href":"https:\/\/api.w.org\/{rel}","templated":true}]}}