{"id":3733,"date":"2009-11-08T17:51:00","date_gmt":"2009-11-08T15:51:00","guid":{"rendered":"http:\/\/www.montejo.biz\/blog\/?p=3733"},"modified":"2012-12-28T17:51:38","modified_gmt":"2012-12-28T15:51:38","slug":"xv-saln-del-manga","status":"publish","type":"post","link":"https:\/\/www.montejo.biz\/blog\/2009\/11\/08\/xv-saln-del-manga\/","title":{"rendered":"XV sal&oacute;n del manga"},"content":{"rendered":"<div id=\"post-entry-excerpt-3733\" class=\"entry-part\"><p>El jueves 29 de octubre ha sido inaugurado el XV Sal\u00f3n del Manga en Hospitalet de Llobregat, Barcelona.<\/p>\n<p><a href=\"http:\/\/www.montejo.biz\/blog\/wp-content\/uploads\/2012\/12\/clip_image0013.jpg\"><img loading=\"lazy\" decoding=\"async\" style=\"background-image: none; border-bottom: 0px; border-left: 0px; margin: 0px; padding-left: 0px; padding-right: 0px; display: inline; border-top: 0px; border-right: 0px; padding-top: 0px\" title=\"clip_image001\" border=\"0\" alt=\"clip_image001\" src=\"http:\/\/www.montejo.biz\/blog\/wp-content\/uploads\/2012\/12\/clip_image001_thumb3.jpg\" width=\"394\" height=\"204\" \/><\/a><\/p>\n<p>Es un festival abierto a los aficionados del manga y el anime, as\u00ed como a todas las personas interesadas en la cultura y la sociedad japonesas. <\/p>\n<p>Lo ha organizado <a href=\"http:\/\/www.ficomic.com\">Ficomic<\/a> y han colaborado todas las editoriales que presentan sus productos en el Sal\u00f3n. <\/p>\n<p>Se ha notado una diferente afluencia de p\u00fablico en los 4 d\u00edas que ha durado: teniendo en cuenta que las taquillas abr\u00edan una hora antes que el sal\u00f3n propiamente dicho, se formaban unas colas que casi daban la vuelta al edificio de La Farga, en la Calle Barcelona, 2 de Hospitalet. Para hacernos una idea el local principal (hab\u00eda 3 espacios donde se celebraba el sal\u00f3n: uno, la Farga, donde estaban los expositores y se pod\u00edan comprar mangas u otros art\u00edculos relacionados y otros 2 donde se hac\u00edan proyecciones y hab\u00eda reuniones y charlas especializadas) tiene de extensi\u00f3n aproximada 2\/3 partes de Riojaforum. Este local, unido a un instituto de educaci\u00f3n secundaria y a un centro comercial, forma una estructura, alrededor de la cual se formaban las 2 filas para entrar al sal\u00f3n. <\/p>\n<p>El s\u00e1bado (d\u00eda de m\u00e1s afluencia de p\u00fablico) las colas llegaron a juntar el principio con el final, totalizando 1,2 Km. de longitud! y no despej\u00e1ndose las colas hasta las 3 de la tarde (hab\u00eda gente desde la 5 de la ma\u00f1ana guardando sitio). <\/p>\n<p>Para los no entendidos, el manga es la palabra japonesa para designar a la historieta en general. Fuera de Jap\u00f3n, se utiliza exclusivamente para referirse a los c\u00f3mics de este pa\u00eds. Se traduce, literalmente, &quot;dibujos caprichosos&quot; o &quot;garabatos&quot;. Al profesional que escribe o dibuja mangas se le conoce como mangaka. <\/p>\n<p>El anime, fuera de Jap\u00f3n, es el t\u00e9rmino que agrupa los dibujos animados de procedencia japonesa y hasta cierto grado los elementos relacionados. En Jap\u00f3n se utiliza el t\u00e9rmino para referirse a la animaci\u00f3n en general. El anime tradicionalmente es dibujado a mano, pero actualmente se ha vuelto com\u00fan la animaci\u00f3n en computadora. <\/p>\n<p>Este Sal\u00f3n (que es el m\u00e1s destacado del mundo fuera de Jap\u00f3n) aglutina a las principales editoriales relacionadas con este mundillo y otras empresas que se dedican a elaborar alg\u00fan art\u00edculo relacionado, como posters, camisetas, videojuegos, etc. Tambi\u00e9n hay otras que elaboran la ropa que utilizan los personajes del manga y el anime, que la gente compra para disfrazarse en eventos especiales, como el Sal\u00f3n del Manga y en particular el d\u00eda del cosplay (etimol\u00f3gicamente del ingl\u00e9s costume play, interpretacion de disfraces, practicado principalmente por j\u00f3venes, consiste en disfrazarse de alg\u00fan personaje (real o inspirado) de un manga, anime, pel\u00edcula, libro, comic, videojuego o incluso cantantes y grupos musicales e intentar interpretarlo en la medida de lo posible. Aquellos que siguen esta pr\u00e1ctica son conocidos como cosplayers, siendo para ellos una de sus principales aficiones). <\/p>\n<p>El viernes ha sido el d\u00eda elegido para que los cosplayers entren gratis al sal\u00f3n del manga; las personas disfrazadas se contaban por miles, con disfraces a cuan m\u00e1s sofisticados (algunos son comprados pero los mejores son elaborados por ellos mismos, con un trabajo que se antoja exagerado). <\/p>\n<p>Todos los a\u00f1os realizan eventos en los que puede participar cualquier persona; este a\u00f1o los m\u00e1s importantes (aparte del concursos de disfraces) han sido un concurso de karaoke, otro de baile Parapara y otro de Kame-Hame-Ha! (ejecutar la coreograf\u00eda de la aqu\u00ed llamada onda vital, de Dragon Ball). <\/p>\n<p>Tambi\u00e9n han actuado los grupos y solistas (conocidos por los aficionados al manga y al anime) <a href=\"http:\/\/hiraki.orgfree.com\/\">Hiraki Team<\/a>, <a href=\"http:\/\/www.thaismusic.net\/\">Thais<\/a>, <a href=\"http:\/\/www.yuka-v.com\/\">Yuka<\/a>, <a href=\"http:\/\/www.sexymafia.net\/\">Sexy Mafia<\/a>, <a href=\"http:\/\/www.charmnosekai.es.kz\/\">Charmy<\/a> <a href=\"http:\/\/www.myspace.com\/gothicdollsband\">Gothic Dolls<\/a>. <\/p>\n<p>Las editoriales presentan sus novedades y tambi\u00e9n su plan de actuaci\u00f3n para el siguiente a\u00f1o; en estas presentaciones se encuentran con un p\u00fablico entregado pero tambi\u00e9n muy cr\u00edtico, de vez de en cuando se encuentran con preguntas tan inc\u00f3modas como que porqu\u00e9 han dejado de publicar un manga concreto o porqu\u00e9 no publican uno que se est\u00e1n publicando en otros idiomas y saben que es muy bueno. Cualquier raz\u00f3n no les vale a estos aficionados, saben del tema, normalmente, m\u00e1s que el que est\u00e1 haciendo la presentaci\u00f3n. <\/p>\n<p>Las editoriales m\u00e1s importantes que han presentado las novedades han sido <a href=\"http:\/\/laestanteriadecho.blogspot.com\/2009\/10\/previsualizacion-e-inauguracion-de-la.html\">Minoki Media<\/a>, <a href=\"http:\/\/www.medeaediciones.com\/\">Medea<\/a>, <a href=\"http:\/\/www.selecta-vision.com\/index_esp.php\">Selecta Visi\u00f3n<\/a>, <a href=\"http:\/\/www.lacupula.com\/web\/\">La C\u00fapula<\/a>, <a href=\"http:\/\/www.edicionesglenat.es\/asp\/default2.asp\">Gl\u00e9nat<\/a>, <a href=\"http:\/\/www1.dreamers.com\/manga\/Mangaline\/\">Mangaline<\/a>, <a href=\"http:\/\/www.studioghibli.net\/\">Studio Ghibli<\/a>, <a href=\"http:\/\/www.devir.es\/index.php\">Devir<\/a>, <a href=\"http:\/\/www.ankama-shop.com\/es\">Ankama<\/a>, <a href=\"http:\/\/www.planetadeagostinicomics.com\/\">Planeta DeAgostini<\/a> y <a href=\"http:\/\/www.normaeditorial.com\/\">Norma Editorial<\/a>.<\/p>\n<p><a href=\"http:\/\/www.montejo.biz\/blog\/wp-content\/uploads\/2012\/12\/clip_image00244.jpg\"><img loading=\"lazy\" decoding=\"async\" style=\"background-image: none; border-bottom: 0px; border-left: 0px; padding-left: 0px; padding-right: 0px; display: inline; border-top: 0px; border-right: 0px; padding-top: 0px\" title=\"clip_image002\" border=\"0\" alt=\"clip_image002\" src=\"http:\/\/www.montejo.biz\/blog\/wp-content\/uploads\/2012\/12\/clip_image002_thumb44.jpg\" width=\"394\" height=\"204\" \/><\/a><\/p>\n<p>El consulado de Jap\u00f3n en Barcelona tiene su propio stand; all\u00ed, aparte de escribirte tu nombre en japon\u00e9s (mi hijo me ha echado la bronca porque me lo han escrito en caracteres hiragana y deb\u00edan haber sido katakana, que es como se ponen los nombres extranjeros) te dan documentaci\u00f3n complet\u00edsima para poder ir a Jap\u00f3n a precios asequibles. Tambi\u00e9n te informan de la vida en Jap\u00f3n y responden amablemente a todas tus preguntas. <\/p>\n<p>Tambi\u00e9n ha habido conferencias sobre temas relacionados con Jap\u00f3n como La Diplomacia anime, El J-Fashion, Japan Foundation y El t\u00e9 en Jap\u00f3n y su ceremonia (chanoyu). <\/p>\n<p>Ha habido un encuentro de bloggers (la Bloggercon) en la que estos periodistas digitales han debatido sobre los problemas de la prensa escrita y el auge de la prensa digital. <\/p>\n<p>El n\u00famero de expositores han sido 160, superando a los del a\u00f1o pasado. <\/p>\n<p>El gasto medio por persona en este sal\u00f3n supongo que ha sido alto (de las dos personas que conozco una se ha gastado unos 200 \u20ac y la otra entre 600 y 700 \u20ac), teniendo en cuenta que las edades de las personas iba desde 12-13 hasta 50-55, con mayor\u00eda de j\u00f3venes de 14 a 20 a\u00f1os.   <br \/>El \u00faltimo d\u00eda comimos mi hijo, un amigo suyo (Rahezar) y yo en un restaurante japon\u00e9s del centro comercial La Farga, al lado del Sal\u00f3n del Manga; era de la cadena Sakura (pron\u00fanciese s\u00e1kura, en japon\u00e9s hay muchas pa\u00f1abras esdr\u00fajulas) y era un buffet libre. Los platos fr\u00edos circulaban por todo el restaurante en una cinta transportadora y pod\u00edas ir cogiendo lo que quisieras. Para los platos calientes hab\u00eda que levantarse y cogerlos de una vitrina o coger los productos sin elaborar (como langostinos, navajas, etc.) y llevarlos a la plancha para su elaboraci\u00f3n, una maravilla.<\/p>\n<p>En fin, como dice mi hijo, ya queda menos para el Sal\u00f3n del Manga del a\u00f1o que viene y hay que empezar a ahorrar. <\/p>\n\n\t\t\t\t\t\t\t<p style=\" color: #999999;\">If you found an error, highlight it and press <strong>Shift + E<\/strong> or <a href=\"#\" class=\"enp-report\"><strong>pulsa aqu\u00ed<\/strong><\/a> to inform us.<\/p>\n\t\t\t\t\t\t<\/div><div id=\"post-footer-3733\" class=\"post-footer clear\"><\/div>","protected":false},"excerpt":{"rendered":"<div class=\"mh-excerpt\"><p>El jueves 29 de octubre ha sido inaugurado el XV Sal\u00f3n del Manga en Hospitalet de Llobregat, Barcelona. Es un festival abierto a los aficionados <a class=\"mh-excerpt-more\" href=\"https:\/\/www.montejo.biz\/blog\/2009\/11\/08\/xv-saln-del-manga\/\" title=\"XV sal&oacute;n del manga\">[&#8230;]<\/a><\/p>\n<\/div>","protected":false},"author":1,"featured_media":0,"comment_status":"open","ping_status":"open","sticky":false,"template":"","format":"standard","meta":{"_exactmetrics_skip_tracking":false,"_exactmetrics_sitenote_active":false,"_exactmetrics_sitenote_note":"","_exactmetrics_sitenote_category":0,"footnotes":""},"categories":[7,73],"tags":[115,172],"class_list":["post-3733","post","type-post","status-publish","format-standard","hentry","category-articulo","category-rioja2","tag-articulo","tag-rioja2"],"_links":{"self":[{"href":"https:\/\/www.montejo.biz\/blog\/wp-json\/wp\/v2\/posts\/3733","targetHints":{"allow":["GET"]}}],"collection":[{"href":"https:\/\/www.montejo.biz\/blog\/wp-json\/wp\/v2\/posts"}],"about":[{"href":"https:\/\/www.montejo.biz\/blog\/wp-json\/wp\/v2\/types\/post"}],"author":[{"embeddable":true,"href":"https:\/\/www.montejo.biz\/blog\/wp-json\/wp\/v2\/users\/1"}],"replies":[{"embeddable":true,"href":"https:\/\/www.montejo.biz\/blog\/wp-json\/wp\/v2\/comments?post=3733"}],"version-history":[{"count":0,"href":"https:\/\/www.montejo.biz\/blog\/wp-json\/wp\/v2\/posts\/3733\/revisions"}],"wp:attachment":[{"href":"https:\/\/www.montejo.biz\/blog\/wp-json\/wp\/v2\/media?parent=3733"}],"wp:term":[{"taxonomy":"category","embeddable":true,"href":"https:\/\/www.montejo.biz\/blog\/wp-json\/wp\/v2\/categories?post=3733"},{"taxonomy":"post_tag","embeddable":true,"href":"https:\/\/www.montejo.biz\/blog\/wp-json\/wp\/v2\/tags?post=3733"}],"curies":[{"name":"wp","href":"https:\/\/api.w.org\/{rel}","templated":true}]}}